{"id":151,"date":"2022-10-24T19:08:42","date_gmt":"2022-10-24T19:08:42","guid":{"rendered":"https:\/\/villadealvarez.gob.mx\/ivj\/noticias\/?p=151"},"modified":"2022-10-24T19:08:42","modified_gmt":"2022-10-24T19:08:42","slug":"1er-ano-de-gobierno","status":"publish","type":"post","link":"https:\/\/villadealvarez.gob.mx\/ivj\/noticias\/1er-ano-de-gobierno\/","title":{"rendered":"1er A\u00f1o de Gobierno"},"content":{"rendered":"<p><span class=\"x193iq5w xeuugli x13faqbe x1vvkbs x1xmvt09 x1lliihq x1s928wv xhkezso x1gmr53x x1cpjm7i x1fgarty x1943h6x xudqn12 x3x7a5m x6prxxf xvq8zen xo1l8bm xzsf02u x1yc453h\" dir=\"auto\">&#8220;Much\u00edsimas gracias por la confianza de permitirme encabezar este <a class=\"x1i10hfl xjbqb8w x6umtig x1b1mbwd xaqea5y xav7gou x9f619 x1ypdohk xt0psk2 xe8uvvx xdj266r x11i5rnm xat24cr x1mh8g0r xexx8yu x4uap5 x18d9i69 xkhd6sd x16tdsg8 x1hl2dhg xggy1nq x1a2a7pz xt0b8zv x1qq9wsj xo1l8bm\" tabindex=\"0\" role=\"link\" href=\"https:\/\/www.facebook.com\/hashtag\/1era%C3%B1o?__eep__=6&amp;__cft__[0]=AZXpoXHUKI6Nw66E6swS_j7ePZF-oD86-sMs0wlXsvoLEM1E5ZXjaVoIzNNkVlN68QE3IuYYLLT2oI6_ppPmWpXPvhEIjShmrHCzn-tlLF4n22tXTE1K3CoFiCf3pMyh0YwJmfsUCmGR36HvpSDGXe03ajdTVCETMd_OHtwBwNzXTPo5SKFq_HfYYvhniD56M4A44ZXauCRH0yMyQ-2MTjkT&amp;__tn__=*NK-y-R\">#1erA\u00f1o<\/a> en el gobierno municipal de mi querido <a class=\"x1i10hfl xjbqb8w x6umtig x1b1mbwd xaqea5y xav7gou x9f619 x1ypdohk xt0psk2 xe8uvvx xdj266r x11i5rnm xat24cr x1mh8g0r xexx8yu x4uap5 x18d9i69 xkhd6sd x16tdsg8 x1hl2dhg xggy1nq x1a2a7pz xt0b8zv x1qq9wsj xo1l8bm\" tabindex=\"0\" role=\"link\" href=\"https:\/\/www.facebook.com\/hashtag\/villade%C3%A1lvarez?__eep__=6&amp;__cft__[0]=AZXpoXHUKI6Nw66E6swS_j7ePZF-oD86-sMs0wlXsvoLEM1E5ZXjaVoIzNNkVlN68QE3IuYYLLT2oI6_ppPmWpXPvhEIjShmrHCzn-tlLF4n22tXTE1K3CoFiCf3pMyh0YwJmfsUCmGR36HvpSDGXe03ajdTVCETMd_OHtwBwNzXTPo5SKFq_HfYYvhniD56M4A44ZXauCRH0yMyQ-2MTjkT&amp;__tn__=*NK-y-R\">#VillaDe\u00c1lvarez<\/a>.&#8221; <\/span><\/p>\n<p>-Esther Guti\u00e9rrez Andrade, presidente de Villa de \u00c1lvarez.<\/p>\n","protected":false},"excerpt":{"rendered":"<p>&#8220;Much\u00edsimas gracias por la confianza de permitirme encabezar este #1erA\u00f1o en el gobierno municipal de mi querido #VillaDe\u00c1lvarez.&#8221; -Esther Guti\u00e9rrez Andrade, presidente de Villa de \u00c1lvarez.<\/p>\n","protected":false},"author":2,"featured_media":152,"comment_status":"open","ping_status":"open","sticky":false,"template":"","format":"standard","meta":{"footnotes":""},"categories":[1],"tags":[],"class_list":["post-151","post","type-post","status-publish","format-standard","has-post-thumbnail","hentry","category-noticias"],"_links":{"self":[{"href":"https:\/\/villadealvarez.gob.mx\/ivj\/noticias\/wp-json\/wp\/v2\/posts\/151","targetHints":{"allow":["GET"]}}],"collection":[{"href":"https:\/\/villadealvarez.gob.mx\/ivj\/noticias\/wp-json\/wp\/v2\/posts"}],"about":[{"href":"https:\/\/villadealvarez.gob.mx\/ivj\/noticias\/wp-json\/wp\/v2\/types\/post"}],"author":[{"embeddable":true,"href":"https:\/\/villadealvarez.gob.mx\/ivj\/noticias\/wp-json\/wp\/v2\/users\/2"}],"replies":[{"embeddable":true,"href":"https:\/\/villadealvarez.gob.mx\/ivj\/noticias\/wp-json\/wp\/v2\/comments?post=151"}],"version-history":[{"count":1,"href":"https:\/\/villadealvarez.gob.mx\/ivj\/noticias\/wp-json\/wp\/v2\/posts\/151\/revisions"}],"predecessor-version":[{"id":153,"href":"https:\/\/villadealvarez.gob.mx\/ivj\/noticias\/wp-json\/wp\/v2\/posts\/151\/revisions\/153"}],"wp:featuredmedia":[{"embeddable":true,"href":"https:\/\/villadealvarez.gob.mx\/ivj\/noticias\/wp-json\/wp\/v2\/media\/152"}],"wp:attachment":[{"href":"https:\/\/villadealvarez.gob.mx\/ivj\/noticias\/wp-json\/wp\/v2\/media?parent=151"}],"wp:term":[{"taxonomy":"category","embeddable":true,"href":"https:\/\/villadealvarez.gob.mx\/ivj\/noticias\/wp-json\/wp\/v2\/categories?post=151"},{"taxonomy":"post_tag","embeddable":true,"href":"https:\/\/villadealvarez.gob.mx\/ivj\/noticias\/wp-json\/wp\/v2\/tags?post=151"}],"curies":[{"name":"wp","href":"https:\/\/api.w.org\/{rel}","templated":true}]}}